{"id":48,"date":"2022-07-18T11:25:51","date_gmt":"2022-07-18T09:25:51","guid":{"rendered":"https:\/\/sklerijenn.bzh\/?p=48"},"modified":"2022-07-18T11:36:03","modified_gmt":"2022-07-18T09:36:03","slug":"tuchenn-mikael","status":"publish","type":"post","link":"https:\/\/sklerijenn.bzh\/?p=48","title":{"rendered":"Tuchenn Mikael"},"content":{"rendered":"\n<p class=\"has-text-align-center\"><strong>Tuchenn Mikael<br><\/strong><\/p>\n\n\n\n<figure class=\"wp-block-video\"><video controls src=\"https:\/\/sklerijenn.bzh\/wp-content\/uploads\/2022\/07\/arree.mp4\"><\/video><\/figure>\n\n\n\n<blockquote class=\"wp-block-quote\"><p>Tuchenn Mikael (mont St Michel de Brasparts) est l&rsquo;un des sommets des monts d&rsquo;Arr\u00e9e (381m d&rsquo;altitude) Il fait partie du parc naturel r\u00e9gional d&rsquo;Armorique et domine la cuvette des tourbi\u00e8res du Yeun Elez.. Sur son sommet se trouve la chapelle Saint-Michel datant du XVII e si\u00e8cle. Construite en 1672, achev\u00e9e en 1679, elle fut ruin\u00e9e \u00e0 la r\u00e9volution, reconstruite en 1820 et \u00e0 nouveau consacr\u00e9e en juillet 1821.<br>\u00c0 partir de 1835, des pierres furent amoncel\u00e9es autour de la chapelle pour la prot\u00e9ger du vent . Elles \u00e9taient encore en place en 1903. Une petite maison servant d&rsquo;abri pour les p\u00e8lerins fut construite \u00e0 c\u00f4t\u00e9 de la chapelle en1842.<br>Malheureusement, pendant la Seconde Guerre mondiale, se servant des pierres de l&rsquo;abri des p\u00e8lerins et du muret construits au XIXe si\u00e8cle, les Allemands install\u00e8rent au sommet du mont une immense antenne pour le guidage de leurs bombardiers. Si les restes de ce syst\u00e8me de guidage sont encore bien visibles \u00e0 c\u00f4t\u00e9 de la chapelle, celle- ci a fort heureusement \u00e9t\u00e9 pr\u00e9serv\u00e9e.<br>Avec Sant Mikael, Youenn Gwernik chante cette chapelle et ce lieu magnifique de landes et de gen\u00eats.<br>Heureusement la brume se l\u00e8ve et les soldats laissent place aux paisibles moutons qui jadis peuplaient ce lieu.<\/p><cite>Youenn Gwernik<\/cite><\/blockquote>\n\n\n\n<p>Am C G Am<br>Mintin abred on bet va-unan T\u00f4t le matin ,je suis all\u00e9 tout seul<br>Am C G Am<br>Kichen chapelig Sant Mikael, Pr\u00e8s de la chapelle Saint Michel<br>G Am C<br>Ha tro-war-dro ar vrumenn Et la brume aux alentours<br>G Am Em Am<br>A stanke din prenestr ar bed. Me fermait les fen\u00eatres du monde<\/p>\n\n\n\n<p>Avel ebet war gern an duchenn, Pas le moindre vent au sommet<br>Na trouz ebet oa tro-war-dro Pas le moindre bruit non plus<br>Ar balan sonn er vrumenn, Le gen\u00eat pointait dans la brume<br>Ha war ar brug perlez ar glav Des perles de pluie sur la bruy\u00e8re<br>Prennet e oa dor ar chapelig La porte de la chapelle \u00e9tait verrouill\u00e9e<br>Met Sant Mikael n\u2019oa ket chalet St Michel s&rsquo;en moquait bien<br>Ha ni hon-daou er vrumenn Et tous les deux dans le brouillard<br>Da gana\u00f1 brav oamp n\u2019 em lakaet Nous nous sommes mis \u00e0 chanter de bon c\u0153ur<br>Mikael ha me da vat o kana\u00f1 Michel et moi avons chant\u00e9<br>Ur gwerz diwar-benn an arme Une complainte sur l&rsquo;arm\u00e9e<br>Soudarded dall er vrumenn, Parlant de soldats aveugles dans la brume<br>E pep korn ar Menez Arre Dans tous les coins des monts d&rsquo;Arr\u00e9e<br>Met ouzh an oabl an heol a save, Puis dans le ciel le soleil revenait<br>Ken splann ha \u2018vit ar wech kenta\u00f1 Clair comme si ce fut la premi\u00e8re fois<br>Hag ur wech savet ar vrumenn, Et une fois la brume dissip\u00e9e<br>N\u2019oa met de\u00f1ved war ar Menez. Seuls les moutons \u00e9taient sur les monts<\/p>\n","protected":false},"excerpt":{"rendered":"<p>Tuchenn Mikael Tuchenn Mikael (mont St Michel de Brasparts) est l&rsquo;un des sommets des monts d&rsquo;Arr\u00e9e (381m d&rsquo;altitude) Il fait partie du parc naturel r\u00e9gional d&rsquo;Armorique et domine la cuvette des tourbi\u00e8res du Yeun Elez.. Sur son sommet se trouve la chapelle Saint-Michel datant du XVII e si\u00e8cle. Construite en 1672, achev\u00e9e en 1679, elle [&hellip;]<\/p>\n","protected":false},"author":2,"featured_media":0,"comment_status":"open","ping_status":"open","sticky":false,"template":"","format":"standard","meta":[],"categories":[4],"tags":[],"_links":{"self":[{"href":"https:\/\/sklerijenn.bzh\/index.php?rest_route=\/wp\/v2\/posts\/48"}],"collection":[{"href":"https:\/\/sklerijenn.bzh\/index.php?rest_route=\/wp\/v2\/posts"}],"about":[{"href":"https:\/\/sklerijenn.bzh\/index.php?rest_route=\/wp\/v2\/types\/post"}],"author":[{"embeddable":true,"href":"https:\/\/sklerijenn.bzh\/index.php?rest_route=\/wp\/v2\/users\/2"}],"replies":[{"embeddable":true,"href":"https:\/\/sklerijenn.bzh\/index.php?rest_route=%2Fwp%2Fv2%2Fcomments&post=48"}],"version-history":[{"count":1,"href":"https:\/\/sklerijenn.bzh\/index.php?rest_route=\/wp\/v2\/posts\/48\/revisions"}],"predecessor-version":[{"id":51,"href":"https:\/\/sklerijenn.bzh\/index.php?rest_route=\/wp\/v2\/posts\/48\/revisions\/51"}],"wp:attachment":[{"href":"https:\/\/sklerijenn.bzh\/index.php?rest_route=%2Fwp%2Fv2%2Fmedia&parent=48"}],"wp:term":[{"taxonomy":"category","embeddable":true,"href":"https:\/\/sklerijenn.bzh\/index.php?rest_route=%2Fwp%2Fv2%2Fcategories&post=48"},{"taxonomy":"post_tag","embeddable":true,"href":"https:\/\/sklerijenn.bzh\/index.php?rest_route=%2Fwp%2Fv2%2Ftags&post=48"}],"curies":[{"name":"wp","href":"https:\/\/api.w.org\/{rel}","templated":true}]}}